{"id":1949,"date":"2024-10-01T09:46:18","date_gmt":"2024-10-01T07:46:18","guid":{"rendered":"https:\/\/juratex.ch\/reouverture\/"},"modified":"2024-08-30T09:46:18","modified_gmt":"2024-08-30T07:46:18","slug":"reouverture","status":"publish","type":"post","link":"https:\/\/juratex.ch\/fr\/reouverture\/","title":{"rendered":"R\u00e9ouverture"},"content":{"rendered":"<p>Je suis heureuse d\u2019ouvrir mon magasin dans le beau Jura bernois \u00e0 partir d\u2019octobre 2024.<br \/>\nMon activit\u00e9 comprend le conseil en habillement pour les entreprises, des associations et des souhaits individuels.<br \/>\nLa finition par broderie et impression en fait \u00e9galement partie, qui est r\u00e9alis\u00e9e dans mon propre atelier de broderie.<br \/>\nMa fiert\u00e9 r\u00e9side dans la diversit\u00e9 de ma boutique en ligne, \u00e0 laquelle vous avez acc\u00e8s gr\u00e2ce \u00e0 votre login personnel.<\/p>\n","protected":false},"excerpt":{"rendered":"<p>Je suis heureuse d\u2019ouvrir mon magasin dans le beau Jura bernois \u00e0 partir d\u2019octobre 2024. Mon activit\u00e9 comprend le conseil en habillement pour les entreprises, des associations et des souhaits individuels. La finition par broderie et impression en fait \u00e9galement partie, qui est r\u00e9alis\u00e9e dans mon propre atelier de broderie. Ma fiert\u00e9 r\u00e9side dans la &hellip; <a href=\"https:\/\/juratex.ch\/fr\/reouverture\/\" class=\"more-link\">Continue reading <span class=\"screen-reader-text\">R\u00e9ouverture<\/span><\/a><\/p>\n","protected":false},"author":1,"featured_media":1833,"comment_status":"open","ping_status":"open","sticky":false,"template":"","format":"standard","meta":{"footnotes":""},"categories":[46],"tags":[],"class_list":["post-1949","post","type-post","status-publish","format-standard","has-post-thumbnail","hentry","category-nouveautes-2024"],"aioseo_notices":[],"_links":{"self":[{"href":"https:\/\/juratex.ch\/fr\/wp-json\/wp\/v2\/posts\/1949","targetHints":{"allow":["GET"]}}],"collection":[{"href":"https:\/\/juratex.ch\/fr\/wp-json\/wp\/v2\/posts"}],"about":[{"href":"https:\/\/juratex.ch\/fr\/wp-json\/wp\/v2\/types\/post"}],"author":[{"embeddable":true,"href":"https:\/\/juratex.ch\/fr\/wp-json\/wp\/v2\/users\/1"}],"replies":[{"embeddable":true,"href":"https:\/\/juratex.ch\/fr\/wp-json\/wp\/v2\/comments?post=1949"}],"version-history":[{"count":0,"href":"https:\/\/juratex.ch\/fr\/wp-json\/wp\/v2\/posts\/1949\/revisions"}],"wp:featuredmedia":[{"embeddable":true,"href":"https:\/\/juratex.ch\/fr\/wp-json\/wp\/v2\/media\/1833"}],"wp:attachment":[{"href":"https:\/\/juratex.ch\/fr\/wp-json\/wp\/v2\/media?parent=1949"}],"wp:term":[{"taxonomy":"category","embeddable":true,"href":"https:\/\/juratex.ch\/fr\/wp-json\/wp\/v2\/categories?post=1949"},{"taxonomy":"post_tag","embeddable":true,"href":"https:\/\/juratex.ch\/fr\/wp-json\/wp\/v2\/tags?post=1949"}],"curies":[{"name":"wp","href":"https:\/\/api.w.org\/{rel}","templated":true}]}}